{"id":1210,"date":"2022-11-18T00:43:00","date_gmt":"2022-11-17T23:43:00","guid":{"rendered":"https:\/\/www.rss-hennef.de\/?p=1210"},"modified":"2022-12-01T00:49:00","modified_gmt":"2022-11-30T23:49:00","slug":"deutschland-liest-vor-wir-machen-mit","status":"publish","type":"post","link":"https:\/\/www.rss-hennef.de\/?p=1210","title":{"rendered":"Deutschland liest vor \u2013 wir machen mit!"},"content":{"rendered":"\n<p>Bereits seit 18 Jahren ist der dritte Freitag im November ganz der Bedeutung des Vorlesens gewidmet und auch dieses Jahr folgte unsere Schule wieder dem Aufruf der gemeinsamen Initiative von DIE ZEIT, <a href=\"https:\/\/www.vorlesetag.de\/\">Stiftung Lesen<\/a> und Deutsche Bahn Stiftung. Insgesamt neun Vorleser*innen besuchten die verschiedenen Standorte mit einer Geschichte im Gep\u00e4ck und zogen die Kinder in ihren Bann. Am Standort Herchen lauschten z.B. die Sch\u00fcler*innen Herrn J\u00fcrgen Heinzer und der Geschichte von Grimm und dem Zesel \u201eM\u00f6hrchen\u201c. In Br\u00f6l verirrten sich die Kinder u.a. mit Frau Simone Feldkamp im Zimt-Labyrinth und erlebten mit ihr die Geschichte der Gew\u00fcrzdetektivin Emmi Cox mit allen Sinnen.<\/p>\n\n\n\n<p>F\u00fcr\u2019s Vorlesen und das teilweise schon langj\u00e4hrige Engagement bedanken wir uns herzlich bei Fr. Feldkamp, Fr. Gr\u00fcnewald, Hr. Gude, \u00a0Hr. Heinzer, Hr. Kerschgens, Fr. Keuenhof, Hr. Keuenhof, Fr. Lattek und Fr. Nichols.<\/p>\n\n\n\n<figure class=\"wp-block-gallery columns-3 is-cropped wp-block-gallery-1 is-layout-flex wp-block-gallery-is-layout-flex\"><ul class=\"blocks-gallery-grid\"><li class=\"blocks-gallery-item\"><figure><img loading=\"lazy\" decoding=\"async\" width=\"800\" height=\"600\" src=\"https:\/\/www.rss-hennef.de\/wp-content\/uploads\/2022\/12\/20221118_095633-800x600.jpg\" alt=\"\" data-id=\"1211\" data-full-url=\"https:\/\/www.rss-hennef.de\/wp-content\/uploads\/2022\/12\/20221118_095633-scaled.jpg\" data-link=\"https:\/\/www.rss-hennef.de\/?attachment_id=1211\" class=\"wp-image-1211\" srcset=\"https:\/\/www.rss-hennef.de\/wp-content\/uploads\/2022\/12\/20221118_095633-800x600.jpg 800w, https:\/\/www.rss-hennef.de\/wp-content\/uploads\/2022\/12\/20221118_095633-300x225.jpg 300w, https:\/\/www.rss-hennef.de\/wp-content\/uploads\/2022\/12\/20221118_095633-768x576.jpg 768w, https:\/\/www.rss-hennef.de\/wp-content\/uploads\/2022\/12\/20221118_095633-1536x1152.jpg 1536w, https:\/\/www.rss-hennef.de\/wp-content\/uploads\/2022\/12\/20221118_095633-2048x1536.jpg 2048w\" sizes=\"auto, (max-width: 800px) 100vw, 800px\" \/><\/figure><\/li><li class=\"blocks-gallery-item\"><figure><img loading=\"lazy\" decoding=\"async\" width=\"800\" height=\"600\" src=\"https:\/\/www.rss-hennef.de\/wp-content\/uploads\/2022\/12\/IMG_20221118_103313-800x600.jpg\" alt=\"\" data-id=\"1213\" data-full-url=\"https:\/\/www.rss-hennef.de\/wp-content\/uploads\/2022\/12\/IMG_20221118_103313-scaled.jpg\" data-link=\"https:\/\/www.rss-hennef.de\/?attachment_id=1213\" class=\"wp-image-1213\" srcset=\"https:\/\/www.rss-hennef.de\/wp-content\/uploads\/2022\/12\/IMG_20221118_103313-800x600.jpg 800w, https:\/\/www.rss-hennef.de\/wp-content\/uploads\/2022\/12\/IMG_20221118_103313-300x225.jpg 300w, https:\/\/www.rss-hennef.de\/wp-content\/uploads\/2022\/12\/IMG_20221118_103313-768x576.jpg 768w, https:\/\/www.rss-hennef.de\/wp-content\/uploads\/2022\/12\/IMG_20221118_103313-1536x1152.jpg 1536w, https:\/\/www.rss-hennef.de\/wp-content\/uploads\/2022\/12\/IMG_20221118_103313-2048x1536.jpg 2048w\" sizes=\"auto, (max-width: 800px) 100vw, 800px\" \/><\/figure><\/li><li class=\"blocks-gallery-item\"><figure><img loading=\"lazy\" decoding=\"async\" width=\"800\" height=\"600\" src=\"https:\/\/www.rss-hennef.de\/wp-content\/uploads\/2022\/12\/IMG_20221118_103239-800x600.jpg\" alt=\"\" data-id=\"1212\" data-full-url=\"https:\/\/www.rss-hennef.de\/wp-content\/uploads\/2022\/12\/IMG_20221118_103239-scaled.jpg\" data-link=\"https:\/\/www.rss-hennef.de\/?attachment_id=1212\" class=\"wp-image-1212\" srcset=\"https:\/\/www.rss-hennef.de\/wp-content\/uploads\/2022\/12\/IMG_20221118_103239-800x600.jpg 800w, https:\/\/www.rss-hennef.de\/wp-content\/uploads\/2022\/12\/IMG_20221118_103239-300x225.jpg 300w, https:\/\/www.rss-hennef.de\/wp-content\/uploads\/2022\/12\/IMG_20221118_103239-768x576.jpg 768w, https:\/\/www.rss-hennef.de\/wp-content\/uploads\/2022\/12\/IMG_20221118_103239-1536x1152.jpg 1536w, https:\/\/www.rss-hennef.de\/wp-content\/uploads\/2022\/12\/IMG_20221118_103239-2048x1536.jpg 2048w\" sizes=\"auto, (max-width: 800px) 100vw, 800px\" \/><\/figure><\/li><\/ul><\/figure>\n","protected":false},"excerpt":{"rendered":"<p>Bereits seit 18 Jahren ist der dritte Freitag im November ganz der Bedeutung des Vorlesens gewidmet und auch dieses Jahr &hellip; <\/p>\n","protected":false},"author":6,"featured_media":1214,"comment_status":"closed","ping_status":"closed","sticky":false,"template":"","format":"standard","meta":{"footnotes":""},"categories":[1],"tags":[],"class_list":["post-1210","post","type-post","status-publish","format-standard","has-post-thumbnail","hentry","category-aktuelles","latest_post"],"_links":{"self":[{"href":"https:\/\/www.rss-hennef.de\/index.php?rest_route=\/wp\/v2\/posts\/1210","targetHints":{"allow":["GET"]}}],"collection":[{"href":"https:\/\/www.rss-hennef.de\/index.php?rest_route=\/wp\/v2\/posts"}],"about":[{"href":"https:\/\/www.rss-hennef.de\/index.php?rest_route=\/wp\/v2\/types\/post"}],"author":[{"embeddable":true,"href":"https:\/\/www.rss-hennef.de\/index.php?rest_route=\/wp\/v2\/users\/6"}],"replies":[{"embeddable":true,"href":"https:\/\/www.rss-hennef.de\/index.php?rest_route=%2Fwp%2Fv2%2Fcomments&post=1210"}],"version-history":[{"count":5,"href":"https:\/\/www.rss-hennef.de\/index.php?rest_route=\/wp\/v2\/posts\/1210\/revisions"}],"predecessor-version":[{"id":1220,"href":"https:\/\/www.rss-hennef.de\/index.php?rest_route=\/wp\/v2\/posts\/1210\/revisions\/1220"}],"wp:featuredmedia":[{"embeddable":true,"href":"https:\/\/www.rss-hennef.de\/index.php?rest_route=\/wp\/v2\/media\/1214"}],"wp:attachment":[{"href":"https:\/\/www.rss-hennef.de\/index.php?rest_route=%2Fwp%2Fv2%2Fmedia&parent=1210"}],"wp:term":[{"taxonomy":"category","embeddable":true,"href":"https:\/\/www.rss-hennef.de\/index.php?rest_route=%2Fwp%2Fv2%2Fcategories&post=1210"},{"taxonomy":"post_tag","embeddable":true,"href":"https:\/\/www.rss-hennef.de\/index.php?rest_route=%2Fwp%2Fv2%2Ftags&post=1210"}],"curies":[{"name":"wp","href":"https:\/\/api.w.org\/{rel}","templated":true}]}}