{"id":1222,"date":"2022-12-08T15:11:00","date_gmt":"2022-12-08T14:11:00","guid":{"rendered":"https:\/\/www.rss-hennef.de\/?p=1222"},"modified":"2022-12-13T15:14:43","modified_gmt":"2022-12-13T14:14:43","slug":"spende-der-rhenac-greentec-ag-fuer-unser-reitprojekt-auf-dem-wiesenhof","status":"publish","type":"post","link":"https:\/\/www.rss-hennef.de\/?p=1222","title":{"rendered":"Spende der RHENAC GreenTec AG f\u00fcr unser Reitprojekt auf dem Wiesenhof"},"content":{"rendered":"\n<p>Eine Spende in H\u00f6he von 2.500 Euro hat die RHENAC GreenTec AG jetzt an die Kinder- und Jugendstiftung Hennef \u00fcberreicht. Die Stiftung, die es sich zur Aufgabe gemacht hat, benachteiligte Kinder zu unterst\u00fctzen, wird mit dem Geld zwei Jahre lang unser langj\u00e4hriges Reitprojekt finanzieren. Jeweils zwei Klassen eines Schuljahres verbringen dort im vierzehnt\u00e4gigen Wechsel jeden Mittwoch bei Wind und Wetter einen Vormittag mit den Pferden. Bei Wiesenhof-Chefin Angela R\u00e4der lernen sie nicht nur das Reiten, sondern auch die Pflege und den Umgang mit den Pferden. \u201eViele Kinder kommen auf dem Wiesenhof zum ersten Mal in Kontakt mit den Pferden. Streicheln und Ber\u00fchren wirken beruhigend. Zudem lernen sie bei der gemeinsamen Pflege der Pferde Teamarbeit und entwickeln ein Gemeinschaftsgef\u00fchl. Alle Sch\u00fcler freuen sich auf diesen Tag und das ist f\u00fcr sie eine gro\u00dfe Motivation\u201c, erkl\u00e4rt Schulleiter Sebastian Wolf.<\/p>\n\n\n\n<p>RHENAC-Vorstand Horst Theisen \u00fcberzeugte besonders die Nachhaltigkeit des Projektes. Ich freue mich sehr, dass wir ein Projekt, dass schon seit so vielen Jahren fester Bestandteil im Schulleben ist, unterst\u00fctzen k\u00f6nnen.\u201c Die RHENAC GreenTec AG ist ein mittelst\u00e4ndisches Unternehmen aus Hennef, das sich auf die Entwicklung innovativer Pflanzenbelichtungssysteme spezialisiert hat. Diese werden zum einen in der Pflanzenforschung, aber auch zur ganzj\u00e4hrigen Belichtung von Sportrasen in Fu\u00dfballstadien eingesetzt. In den letzten Jahren wurden RHENAC-Entwicklungen immer wieder mit Preisen ausgezeichnet, zuletzt mit dem Silbernen Vector der igus GmbH, der auf der Hannovermesse verliehen wurde. \u201eAls mir der Preis \u00fcberreicht wurde, war mir sofort klar, dass ich das Preisgeld f\u00fcr ein lokales Projekt zur Verf\u00fcgung stellen m\u00f6chte,\u201c so Theisen. Auf der Suche nach einem geeigneten Empf\u00e4nger nahm er Kontakt auf mit der Kinder- und Jugendstiftung, die einen guten \u00dcberblick \u00fcber F\u00f6rderprojekte im Kinder- und Jugendbereich in Hennef hat. \u201eWir k\u00fcmmern uns seit vielen Jahren um das Wohl von Kindern, die aus den unterschiedlichsten Gr\u00fcnden benachteiligt sind und deshalb einen besonderen F\u00f6rderbedarf haben. Die wichtige Arbeit der F\u00f6rderschule haben wir u.a. im Rahmen von Lesepatenschaften kennengelernt und haben das Reitprojekt sehr gern empfohlen\u201c, erkl\u00e4rt Ursula Yogeshwar vom KiJu-Vorstand. \u201eIch freue mich sehr, dass die Spende der RHENAC GreenTec AG die Finanzierung unseres Reitprojektes f\u00fcr die n\u00e4chsten zwei Jahre sichert. F\u00f6rderschulen stehen meist nicht im Zentrum der \u00d6ffentlichkeit und daher ist es schwierig f\u00fcr uns, die notwendigen Spenden f\u00fcr solche Projekte zu sammeln. Umso dankbarer bin ich, dass die KiJu unser Projekt empfohlen hat und die RHENAC dieser Empfehlung gefolgt ist,\u201c erkl\u00e4rt Schulleiter Wolf.<\/p>\n\n\n\n<figure class=\"wp-block-gallery columns-2 is-cropped wp-block-gallery-1 is-layout-flex wp-block-gallery-is-layout-flex\"><ul class=\"blocks-gallery-grid\"><li class=\"blocks-gallery-item\"><figure><img loading=\"lazy\" decoding=\"async\" width=\"800\" height=\"533\" src=\"https:\/\/www.rss-hennef.de\/wp-content\/uploads\/2022\/12\/IMG_8639-800x533.jpg\" alt=\"\" data-id=\"1224\" data-full-url=\"https:\/\/www.rss-hennef.de\/wp-content\/uploads\/2022\/12\/IMG_8639-scaled.jpg\" data-link=\"https:\/\/www.rss-hennef.de\/?attachment_id=1224\" class=\"wp-image-1224\" srcset=\"https:\/\/www.rss-hennef.de\/wp-content\/uploads\/2022\/12\/IMG_8639-800x533.jpg 800w, https:\/\/www.rss-hennef.de\/wp-content\/uploads\/2022\/12\/IMG_8639-300x200.jpg 300w, https:\/\/www.rss-hennef.de\/wp-content\/uploads\/2022\/12\/IMG_8639-768x512.jpg 768w, https:\/\/www.rss-hennef.de\/wp-content\/uploads\/2022\/12\/IMG_8639-1536x1024.jpg 1536w, https:\/\/www.rss-hennef.de\/wp-content\/uploads\/2022\/12\/IMG_8639-2048x1365.jpg 2048w\" sizes=\"auto, (max-width: 800px) 100vw, 800px\" \/><\/figure><\/li><li class=\"blocks-gallery-item\"><figure><img loading=\"lazy\" decoding=\"async\" width=\"800\" height=\"533\" src=\"https:\/\/www.rss-hennef.de\/wp-content\/uploads\/2022\/12\/IMG_8642-800x533.jpg\" alt=\"\" data-id=\"1225\" data-full-url=\"https:\/\/www.rss-hennef.de\/wp-content\/uploads\/2022\/12\/IMG_8642-scaled.jpg\" data-link=\"https:\/\/www.rss-hennef.de\/?attachment_id=1225\" class=\"wp-image-1225\" srcset=\"https:\/\/www.rss-hennef.de\/wp-content\/uploads\/2022\/12\/IMG_8642-800x533.jpg 800w, https:\/\/www.rss-hennef.de\/wp-content\/uploads\/2022\/12\/IMG_8642-300x200.jpg 300w, https:\/\/www.rss-hennef.de\/wp-content\/uploads\/2022\/12\/IMG_8642-768x512.jpg 768w, https:\/\/www.rss-hennef.de\/wp-content\/uploads\/2022\/12\/IMG_8642-1536x1024.jpg 1536w, https:\/\/www.rss-hennef.de\/wp-content\/uploads\/2022\/12\/IMG_8642-2048x1365.jpg 2048w\" sizes=\"auto, (max-width: 800px) 100vw, 800px\" \/><\/figure><\/li><\/ul><\/figure>\n","protected":false},"excerpt":{"rendered":"<p>Eine Spende in H\u00f6he von 2.500 Euro hat die RHENAC GreenTec AG jetzt an die Kinder- und Jugendstiftung Hennef \u00fcberreicht. &hellip; <\/p>\n","protected":false},"author":6,"featured_media":1223,"comment_status":"closed","ping_status":"closed","sticky":false,"template":"","format":"standard","meta":{"footnotes":""},"categories":[1],"tags":[],"class_list":["post-1222","post","type-post","status-publish","format-standard","has-post-thumbnail","hentry","category-aktuelles","latest_post"],"_links":{"self":[{"href":"https:\/\/www.rss-hennef.de\/index.php?rest_route=\/wp\/v2\/posts\/1222","targetHints":{"allow":["GET"]}}],"collection":[{"href":"https:\/\/www.rss-hennef.de\/index.php?rest_route=\/wp\/v2\/posts"}],"about":[{"href":"https:\/\/www.rss-hennef.de\/index.php?rest_route=\/wp\/v2\/types\/post"}],"author":[{"embeddable":true,"href":"https:\/\/www.rss-hennef.de\/index.php?rest_route=\/wp\/v2\/users\/6"}],"replies":[{"embeddable":true,"href":"https:\/\/www.rss-hennef.de\/index.php?rest_route=%2Fwp%2Fv2%2Fcomments&post=1222"}],"version-history":[{"count":2,"href":"https:\/\/www.rss-hennef.de\/index.php?rest_route=\/wp\/v2\/posts\/1222\/revisions"}],"predecessor-version":[{"id":1227,"href":"https:\/\/www.rss-hennef.de\/index.php?rest_route=\/wp\/v2\/posts\/1222\/revisions\/1227"}],"wp:featuredmedia":[{"embeddable":true,"href":"https:\/\/www.rss-hennef.de\/index.php?rest_route=\/wp\/v2\/media\/1223"}],"wp:attachment":[{"href":"https:\/\/www.rss-hennef.de\/index.php?rest_route=%2Fwp%2Fv2%2Fmedia&parent=1222"}],"wp:term":[{"taxonomy":"category","embeddable":true,"href":"https:\/\/www.rss-hennef.de\/index.php?rest_route=%2Fwp%2Fv2%2Fcategories&post=1222"},{"taxonomy":"post_tag","embeddable":true,"href":"https:\/\/www.rss-hennef.de\/index.php?rest_route=%2Fwp%2Fv2%2Ftags&post=1222"}],"curies":[{"name":"wp","href":"https:\/\/api.w.org\/{rel}","templated":true}]}}