{"id":1541,"date":"2024-03-14T10:43:00","date_gmt":"2024-03-14T09:43:00","guid":{"rendered":"https:\/\/www.rss-hennef.de\/?p=1541"},"modified":"2024-03-16T10:51:36","modified_gmt":"2024-03-16T09:51:36","slug":"ausflug-nach-koeln","status":"publish","type":"post","link":"https:\/\/www.rss-hennef.de\/?p=1541","title":{"rendered":"Ausflug nach K\u00f6ln"},"content":{"rendered":"\n<p>Im Kunstunterricht haben wir den K\u00fcnstler Gerhard Richter kennengelernt. Er hat ganz viele bunte gro\u00dfartige Bilder gemalt. Im K\u00f6lner Dom gibt es ein Fenster, dass Herr Richter entworfen hat. Wir wollten dieses bunte Fenster sehen. Mit Bus und Bahn fuhren wir nach K\u00f6ln. Frau Schulte, Frau Nichols und Herr Rombach haben uns begleitet. Unsere Reise war ein gro\u00dfes Abenteuer. Gleisarbeiten sorgten f\u00fcr Versp\u00e4tungen und viele Z\u00fcge fielen aus. Als wir endlich in K\u00f6ln angekommen sind, haben wir den Dom gesehen. Im Dom bewunderten wir das sch\u00f6ne bunte Fenster von Herrn Richter. Zum Abschluss gab es ein gro\u00dfes Eis. Wir hatten einen gro\u00dfartigen Tag in K\u00f6ln.<\/p>\n\n\n\n<p>Die Koala-Klasse mit Frau Bosbach und Frau W\u00fcbbe<\/p>\n\n\n\n<figure class=\"wp-block-gallery columns-3 is-cropped wp-block-gallery-1 is-layout-flex wp-block-gallery-is-layout-flex\"><ul class=\"blocks-gallery-grid\"><li class=\"blocks-gallery-item\"><figure><img loading=\"lazy\" decoding=\"async\" width=\"313\" height=\"800\" src=\"https:\/\/www.rss-hennef.de\/wp-content\/uploads\/2024\/03\/Domfoto-313x800.jpg\" alt=\"\" data-id=\"1543\" data-full-url=\"https:\/\/www.rss-hennef.de\/wp-content\/uploads\/2024\/03\/Domfoto-scaled.jpg\" data-link=\"https:\/\/www.rss-hennef.de\/?attachment_id=1543\" class=\"wp-image-1543\" srcset=\"https:\/\/www.rss-hennef.de\/wp-content\/uploads\/2024\/03\/Domfoto-313x800.jpg 313w, https:\/\/www.rss-hennef.de\/wp-content\/uploads\/2024\/03\/Domfoto-117x300.jpg 117w, https:\/\/www.rss-hennef.de\/wp-content\/uploads\/2024\/03\/Domfoto-768x1965.jpg 768w, https:\/\/www.rss-hennef.de\/wp-content\/uploads\/2024\/03\/Domfoto-600x1536.jpg 600w, https:\/\/www.rss-hennef.de\/wp-content\/uploads\/2024\/03\/Domfoto-801x2048.jpg 801w, https:\/\/www.rss-hennef.de\/wp-content\/uploads\/2024\/03\/Domfoto-scaled.jpg 1001w\" sizes=\"auto, (max-width: 313px) 100vw, 313px\" \/><\/figure><\/li><li class=\"blocks-gallery-item\"><figure><img loading=\"lazy\" decoding=\"async\" width=\"370\" height=\"800\" src=\"https:\/\/www.rss-hennef.de\/wp-content\/uploads\/2024\/03\/Eis-370x800.jpeg\" alt=\"\" data-id=\"1544\" data-full-url=\"https:\/\/www.rss-hennef.de\/wp-content\/uploads\/2024\/03\/Eis.jpeg\" data-link=\"https:\/\/www.rss-hennef.de\/?attachment_id=1544\" class=\"wp-image-1544\" srcset=\"https:\/\/www.rss-hennef.de\/wp-content\/uploads\/2024\/03\/Eis-370x800.jpeg 370w, https:\/\/www.rss-hennef.de\/wp-content\/uploads\/2024\/03\/Eis-139x300.jpeg 139w, https:\/\/www.rss-hennef.de\/wp-content\/uploads\/2024\/03\/Eis-768x1662.jpeg 768w, https:\/\/www.rss-hennef.de\/wp-content\/uploads\/2024\/03\/Eis-710x1536.jpeg 710w, https:\/\/www.rss-hennef.de\/wp-content\/uploads\/2024\/03\/Eis-946x2048.jpeg 946w, https:\/\/www.rss-hennef.de\/wp-content\/uploads\/2024\/03\/Eis.jpeg 1170w\" sizes=\"auto, (max-width: 370px) 100vw, 370px\" \/><\/figure><\/li><li class=\"blocks-gallery-item\"><figure><img loading=\"lazy\" decoding=\"async\" width=\"370\" height=\"800\" src=\"https:\/\/www.rss-hennef.de\/wp-content\/uploads\/2024\/03\/Richterfenster-370x800.jpg\" alt=\"\" data-id=\"1545\" data-full-url=\"https:\/\/www.rss-hennef.de\/wp-content\/uploads\/2024\/03\/Richterfenster-scaled.jpg\" data-link=\"https:\/\/www.rss-hennef.de\/?attachment_id=1545\" class=\"wp-image-1545\" srcset=\"https:\/\/www.rss-hennef.de\/wp-content\/uploads\/2024\/03\/Richterfenster-370x800.jpg 370w, https:\/\/www.rss-hennef.de\/wp-content\/uploads\/2024\/03\/Richterfenster-139x300.jpg 139w, https:\/\/www.rss-hennef.de\/wp-content\/uploads\/2024\/03\/Richterfenster-768x1663.jpg 768w, https:\/\/www.rss-hennef.de\/wp-content\/uploads\/2024\/03\/Richterfenster-710x1536.jpg 710w, https:\/\/www.rss-hennef.de\/wp-content\/uploads\/2024\/03\/Richterfenster-946x2048.jpg 946w, https:\/\/www.rss-hennef.de\/wp-content\/uploads\/2024\/03\/Richterfenster-scaled.jpg 1183w\" sizes=\"auto, (max-width: 370px) 100vw, 370px\" \/><\/figure><\/li><\/ul><\/figure>\n","protected":false},"excerpt":{"rendered":"<p>Im Kunstunterricht haben wir den K\u00fcnstler Gerhard Richter kennengelernt. Er hat ganz viele bunte gro\u00dfartige Bilder gemalt. Im K\u00f6lner Dom &hellip; <\/p>\n","protected":false},"author":6,"featured_media":1546,"comment_status":"closed","ping_status":"closed","sticky":false,"template":"","format":"standard","meta":{"footnotes":""},"categories":[1],"tags":[],"class_list":["post-1541","post","type-post","status-publish","format-standard","has-post-thumbnail","hentry","category-aktuelles","latest_post"],"_links":{"self":[{"href":"https:\/\/www.rss-hennef.de\/index.php?rest_route=\/wp\/v2\/posts\/1541","targetHints":{"allow":["GET"]}}],"collection":[{"href":"https:\/\/www.rss-hennef.de\/index.php?rest_route=\/wp\/v2\/posts"}],"about":[{"href":"https:\/\/www.rss-hennef.de\/index.php?rest_route=\/wp\/v2\/types\/post"}],"author":[{"embeddable":true,"href":"https:\/\/www.rss-hennef.de\/index.php?rest_route=\/wp\/v2\/users\/6"}],"replies":[{"embeddable":true,"href":"https:\/\/www.rss-hennef.de\/index.php?rest_route=%2Fwp%2Fv2%2Fcomments&post=1541"}],"version-history":[{"count":1,"href":"https:\/\/www.rss-hennef.de\/index.php?rest_route=\/wp\/v2\/posts\/1541\/revisions"}],"predecessor-version":[{"id":1547,"href":"https:\/\/www.rss-hennef.de\/index.php?rest_route=\/wp\/v2\/posts\/1541\/revisions\/1547"}],"wp:featuredmedia":[{"embeddable":true,"href":"https:\/\/www.rss-hennef.de\/index.php?rest_route=\/wp\/v2\/media\/1546"}],"wp:attachment":[{"href":"https:\/\/www.rss-hennef.de\/index.php?rest_route=%2Fwp%2Fv2%2Fmedia&parent=1541"}],"wp:term":[{"taxonomy":"category","embeddable":true,"href":"https:\/\/www.rss-hennef.de\/index.php?rest_route=%2Fwp%2Fv2%2Fcategories&post=1541"},{"taxonomy":"post_tag","embeddable":true,"href":"https:\/\/www.rss-hennef.de\/index.php?rest_route=%2Fwp%2Fv2%2Ftags&post=1541"}],"curies":[{"name":"wp","href":"https:\/\/api.w.org\/{rel}","templated":true}]}}