{"id":1792,"date":"2024-12-06T16:00:55","date_gmt":"2024-12-06T15:00:55","guid":{"rendered":"https:\/\/www.rss-hennef.de\/?p=1792"},"modified":"2024-12-17T08:47:25","modified_gmt":"2024-12-17T07:47:25","slug":"weihnachtsmarkt-an-der-schule","status":"publish","type":"post","link":"https:\/\/www.rss-hennef.de\/?p=1792","title":{"rendered":"Spende unter dem Tannenbaum"},"content":{"rendered":"\n<p><strong>Kinder der Richard-Schirrmann-Schule freuen sich \u00fcber neue Fahrr\u00e4der<\/strong><\/p>\n\n\n\n<p>Verkehrserziehung h\u00e4tte es damals schon gegeben und begonnen habe sie immer zuerst auf dem Schulhof, bevor man sich \u201eraus\u201c auf den Radweg und die Stra\u00dfe traute, erz\u00e4hlte J\u00fcrgen Heinzer bei der offiziellen Spenden\u00fcbergabe der 16 neuen Schulfahrr\u00e4der kurz vor Weihnachten in der Richard-Schirrmann-Schule in Hennef-Br\u00f6l. \u201eUnd wenn die Kinder dann die Verkehrspr\u00fcfung bestanden haben, waren sie stolz wie Oskar\u201c, erg\u00e4nzte der Vorsitzende des F\u00f6rdervereines und ehemaliger Schulleiter der F\u00f6rderschule mit Schwerpunkt Emotionale und soziale Entwicklung. Und damit das auch so bleiben kann und die Verkehrserziehung f\u00fcr die rund 140 Sch\u00fclerinnen und Sch\u00fcler, die die F\u00f6rderschule an den drei Standorten in Br\u00f6l, Siegburg und Herchen hat, zuk\u00fcnftig gesichert ist, haben sich die Hennef-Stiftung der Kreissparkasse K\u00f6ln, die Hermann-Weber-Stiftung sowie der F\u00f6rderverein der Richard-Schirrmann-Schule zusammengeschlossen. Stolze 7.000 Euro kamen so zusammen und erm\u00f6glichten die Anschaffung 16 neuer, stylischer Schulfahrr\u00e4der, von denen die Kids schon jetzt ganz begeistert waren und zur Begr\u00fc\u00dfung der Ehreng\u00e4ste daher passend das Lied \u201eAn meinem Fahrrad ist alles dran\u201c zum Besten gaben.<\/p>\n\n\n\n<p>Nicht minder erfreut \u00fcber den neuen und notwendigen Fundus an Zweir\u00e4dern zeigte sich Schulleiter Sebastian Wolf und dankte allen Sponsoren f\u00fcr die gro\u00dfartige Unterst\u00fctzung. Denn als Kreisf\u00f6rderschule, die f\u00fcr die Sch\u00fclerinnen und Sch\u00fcler nicht unbedingt wohnortnah sein muss, ist es nicht immer m\u00f6glich, mit dem eigenen Fahrrad zur Schule zu kommen, wenn sie denn \u00fcberhaupt ein eigenes haben.<\/p>\n\n\n\n<p>Und so betonte Thomas Wagner, dass der Rhein-Sieg-Kreis als Schultr\u00e4ger mitunter dankbar f\u00fcr externes Engagement sei, um solche Anschaffungen schnell und unkompliziert realisieren zu k\u00f6nnen und dass gerade Bewegung bei Kindern heute viel zu kurz k\u00e4me. \u201eRadfahren und Bewegung ist daher wichtiger denn je\u201c, so der Dezernent des Rhein-Sieg-Kreises. Neben der F\u00f6rderung des Verkehrserziehungsprojektes durch die Hennef-Stiftung der Kreissparkasse K\u00f6ln in H\u00f6he von 3.000 Euro, kamen 1.000 Euro von der Hermann-Weber-Stiftung in Eitorf, die Restsumme stemmte der F\u00f6rderverein der F\u00f6rderschule. \u201eEigentlich f\u00f6rdern wir gem\u00e4\u00df unseres Satzungszweckes nur Institutionen und Projekte in Eitorf und der unmittelbaren Umgebung\u201c, erkl\u00e4rte Sonja M\u00fcller, doch der Schulstandort in Herchen sei quasi direkte Nachbarschaft, so die Vorsitzende der Stiftung. Und so bleiben acht Fahrr\u00e4der in der Br\u00f6l und weitere acht in Herchen, damit die Radfahrausblindung der 3. und 4. Klassen auch zuk\u00fcnftig ein wesentliches Kernst\u00fcck der Verkehrserziehung an der Richard-Schirrmann-Schule bleiben kann.<\/p>\n\n\n\n<p>(Ulli Gr\u00fcnewald)<\/p>\n","protected":false},"excerpt":{"rendered":"<p>Kinder der Richard-Schirrmann-Schule freuen sich \u00fcber neue Fahrr\u00e4der Verkehrserziehung h\u00e4tte es damals schon gegeben und begonnen habe sie immer zuerst &hellip; <\/p>\n","protected":false},"author":7,"featured_media":1800,"comment_status":"closed","ping_status":"closed","sticky":false,"template":"","format":"standard","meta":{"footnotes":""},"categories":[1],"tags":[],"class_list":["post-1792","post","type-post","status-publish","format-standard","has-post-thumbnail","hentry","category-aktuelles","latest_post"],"_links":{"self":[{"href":"https:\/\/www.rss-hennef.de\/index.php?rest_route=\/wp\/v2\/posts\/1792","targetHints":{"allow":["GET"]}}],"collection":[{"href":"https:\/\/www.rss-hennef.de\/index.php?rest_route=\/wp\/v2\/posts"}],"about":[{"href":"https:\/\/www.rss-hennef.de\/index.php?rest_route=\/wp\/v2\/types\/post"}],"author":[{"embeddable":true,"href":"https:\/\/www.rss-hennef.de\/index.php?rest_route=\/wp\/v2\/users\/7"}],"replies":[{"embeddable":true,"href":"https:\/\/www.rss-hennef.de\/index.php?rest_route=%2Fwp%2Fv2%2Fcomments&post=1792"}],"version-history":[{"count":6,"href":"https:\/\/www.rss-hennef.de\/index.php?rest_route=\/wp\/v2\/posts\/1792\/revisions"}],"predecessor-version":[{"id":1803,"href":"https:\/\/www.rss-hennef.de\/index.php?rest_route=\/wp\/v2\/posts\/1792\/revisions\/1803"}],"wp:featuredmedia":[{"embeddable":true,"href":"https:\/\/www.rss-hennef.de\/index.php?rest_route=\/wp\/v2\/media\/1800"}],"wp:attachment":[{"href":"https:\/\/www.rss-hennef.de\/index.php?rest_route=%2Fwp%2Fv2%2Fmedia&parent=1792"}],"wp:term":[{"taxonomy":"category","embeddable":true,"href":"https:\/\/www.rss-hennef.de\/index.php?rest_route=%2Fwp%2Fv2%2Fcategories&post=1792"},{"taxonomy":"post_tag","embeddable":true,"href":"https:\/\/www.rss-hennef.de\/index.php?rest_route=%2Fwp%2Fv2%2Ftags&post=1792"}],"curies":[{"name":"wp","href":"https:\/\/api.w.org\/{rel}","templated":true}]}}