{"id":1810,"date":"2025-01-16T23:09:08","date_gmt":"2025-01-16T22:09:08","guid":{"rendered":"https:\/\/www.rss-hennef.de\/?p=1810"},"modified":"2025-01-16T23:09:08","modified_gmt":"2025-01-16T22:09:08","slug":"besinnliche-weihnachtsfeier-mit-eltern-und-foerderern","status":"publish","type":"post","link":"https:\/\/www.rss-hennef.de\/?p=1810","title":{"rendered":"Besinnliche Weihnachtsfeier mit Eltern und F\u00f6rderern"},"content":{"rendered":"\n<p>Am 13. Dezember fand die allj\u00e4hrliche Weihnachtsfeier mit Weihnachtsmarkt der Schule statt.<\/p>\n\n\n\n<p>Der Vormittag startete gemeinsam mit allen Kindern, Mitarbeitenden, Eltern und F\u00f6rderern der Schule in der Sporthalle.<\/p>\n\n\n\n<figure class=\"wp-block-image size-large\"><img loading=\"lazy\" decoding=\"async\" width=\"800\" height=\"600\" src=\"https:\/\/www.rss-hennef.de\/wp-content\/uploads\/2025\/01\/IMG_2786-800x600.jpg\" alt=\"\" class=\"wp-image-1814\" srcset=\"https:\/\/www.rss-hennef.de\/wp-content\/uploads\/2025\/01\/IMG_2786-800x600.jpg 800w, https:\/\/www.rss-hennef.de\/wp-content\/uploads\/2025\/01\/IMG_2786-300x225.jpg 300w, https:\/\/www.rss-hennef.de\/wp-content\/uploads\/2025\/01\/IMG_2786-768x576.jpg 768w, https:\/\/www.rss-hennef.de\/wp-content\/uploads\/2025\/01\/IMG_2786-1536x1152.jpg 1536w, https:\/\/www.rss-hennef.de\/wp-content\/uploads\/2025\/01\/IMG_2786-2048x1536.jpg 2048w\" sizes=\"auto, (max-width: 800px) 100vw, 800px\" \/><\/figure>\n\n\n\n<p>Bei teils lustigen, aber auch besinnlichen Theaterst\u00fccken und Weihnachtsliedern l\u00e4uteten die Sch\u00fclerinnen und Sch\u00fcler auf der B\u00fchne die Weihnachtszeit ein.<\/p>\n\n\n\n<figure class=\"wp-block-image size-large\"><img loading=\"lazy\" decoding=\"async\" width=\"800\" height=\"428\" src=\"https:\/\/www.rss-hennef.de\/wp-content\/uploads\/2025\/01\/original-31B723E2-EBB8-4778-907C-5E9DDE967B19-800x428.jpeg\" alt=\"\" class=\"wp-image-1815\" srcset=\"https:\/\/www.rss-hennef.de\/wp-content\/uploads\/2025\/01\/original-31B723E2-EBB8-4778-907C-5E9DDE967B19-800x428.jpeg 800w, https:\/\/www.rss-hennef.de\/wp-content\/uploads\/2025\/01\/original-31B723E2-EBB8-4778-907C-5E9DDE967B19-300x160.jpeg 300w, https:\/\/www.rss-hennef.de\/wp-content\/uploads\/2025\/01\/original-31B723E2-EBB8-4778-907C-5E9DDE967B19-768x411.jpeg 768w, https:\/\/www.rss-hennef.de\/wp-content\/uploads\/2025\/01\/original-31B723E2-EBB8-4778-907C-5E9DDE967B19-1536x821.jpeg 1536w, https:\/\/www.rss-hennef.de\/wp-content\/uploads\/2025\/01\/original-31B723E2-EBB8-4778-907C-5E9DDE967B19-2048x1095.jpeg 2048w\" sizes=\"auto, (max-width: 800px) 100vw, 800px\" \/><\/figure>\n\n\n\n<p>So erlebten wir einen Weihnachtsmann mit Hexenschuss, der aufgrund dessen leider keine Geschenke mehr verteilen konnte &#8211; daf\u00fcr aber Socken an alle. Oder eine Darbietung der Tiere im Wald, die den Weihnachtsbaum schm\u00fccken wollten und ihren Weihnachtsstern vermissten. Gl\u00fccklicherweise endete die Suche erfolgreich und die Weihnachtsfeier konnte stattfinden. Eine andere Klasse zeigte den Lebenszyklus des Weihnachtsbaumes sehr eindr\u00fccklich. Das M\u00e4rchen Rapunzel wurde in einer sehr lustigen Weihnachtsversion aufgef\u00fchrt &#8211; Jung und Alt konnte nicht mehr vor Lachen. Die J\u00fcngsten in der Runde, die L\u00f6wenklasse, sangen das Lied &#8222;L\u00f6wenstark&#8220;. Weitere Lieder wurden von verschiedenen Klassen dargeboten.<\/p>\n\n\n\n<figure class=\"wp-block-image size-large\"><img loading=\"lazy\" decoding=\"async\" width=\"800\" height=\"357\" src=\"https:\/\/www.rss-hennef.de\/wp-content\/uploads\/2025\/01\/processed-780EEC8E-B9BC-4CDE-8ACA-C2B9883213C7-800x357.jpeg\" alt=\"\" class=\"wp-image-1811\" srcset=\"https:\/\/www.rss-hennef.de\/wp-content\/uploads\/2025\/01\/processed-780EEC8E-B9BC-4CDE-8ACA-C2B9883213C7-800x357.jpeg 800w, https:\/\/www.rss-hennef.de\/wp-content\/uploads\/2025\/01\/processed-780EEC8E-B9BC-4CDE-8ACA-C2B9883213C7-300x134.jpeg 300w, https:\/\/www.rss-hennef.de\/wp-content\/uploads\/2025\/01\/processed-780EEC8E-B9BC-4CDE-8ACA-C2B9883213C7-768x343.jpeg 768w, https:\/\/www.rss-hennef.de\/wp-content\/uploads\/2025\/01\/processed-780EEC8E-B9BC-4CDE-8ACA-C2B9883213C7-1536x686.jpeg 1536w, https:\/\/www.rss-hennef.de\/wp-content\/uploads\/2025\/01\/processed-780EEC8E-B9BC-4CDE-8ACA-C2B9883213C7-2048x915.jpeg 2048w\" sizes=\"auto, (max-width: 800px) 100vw, 800px\" \/><\/figure>\n\n\n\n<p>Danach begr\u00fc\u00dfte der ehemalige Schulleiter und Vorsitzende des F\u00f6rdervereins J\u00fcrgen Heinzer die Sponsoren und F\u00f6rderer der Schule und dankte ihnen f\u00fcr ihre langj\u00e4hrige und tatkr\u00e4ftige Unterst\u00fctzung. Bei dieser Gelegenheit \u00fcberreichten Anna Maria Langen und Elisabeth Keuenhof von der CDU-Kleiderstube in Hennef einen gro\u00dfz\u00fcgigen Spendenscheck in H\u00f6he von 700\u20ac an den F\u00f6rderverein. Stellvertretend f\u00fcr den Lions Club Hennef\u00a0&#8211; auch ein langj\u00e4hriger F\u00f6rderer der Schule &#8211; war Michael J\u00e4ger vertreten. Hans-Godehard Bowien vom Stadtsportverbund unterst\u00fctzt die Schule jedes Jahr bei der Abnahme der Sportabzeichen.<\/p>\n\n\n\n<figure class=\"wp-block-image size-large\"><img loading=\"lazy\" decoding=\"async\" width=\"800\" height=\"593\" src=\"https:\/\/www.rss-hennef.de\/wp-content\/uploads\/2025\/01\/IMG_2879-800x593.jpg\" alt=\"\" class=\"wp-image-1816\" srcset=\"https:\/\/www.rss-hennef.de\/wp-content\/uploads\/2025\/01\/IMG_2879-800x593.jpg 800w, https:\/\/www.rss-hennef.de\/wp-content\/uploads\/2025\/01\/IMG_2879-300x222.jpg 300w, https:\/\/www.rss-hennef.de\/wp-content\/uploads\/2025\/01\/IMG_2879-768x570.jpg 768w, https:\/\/www.rss-hennef.de\/wp-content\/uploads\/2025\/01\/IMG_2879-1536x1139.jpg 1536w, https:\/\/www.rss-hennef.de\/wp-content\/uploads\/2025\/01\/IMG_2879-2048x1519.jpg 2048w\" sizes=\"auto, (max-width: 800px) 100vw, 800px\" \/><\/figure>\n\n\n\n<p>Ein Highlight der Feier war die Tombola, bei der es als Hauptpreis eine von der L\u00f6wenklasse liebevoll restaurierte und bunt bemalte Kommode zu gewinnen gab.<\/p>\n\n\n\n<figure class=\"wp-block-image size-large\"><img loading=\"lazy\" decoding=\"async\" width=\"800\" height=\"641\" src=\"https:\/\/www.rss-hennef.de\/wp-content\/uploads\/2025\/01\/IMG_2970-800x641.jpg\" alt=\"\" class=\"wp-image-1813\" srcset=\"https:\/\/www.rss-hennef.de\/wp-content\/uploads\/2025\/01\/IMG_2970-800x641.jpg 800w, https:\/\/www.rss-hennef.de\/wp-content\/uploads\/2025\/01\/IMG_2970-300x240.jpg 300w, https:\/\/www.rss-hennef.de\/wp-content\/uploads\/2025\/01\/IMG_2970-768x616.jpg 768w, https:\/\/www.rss-hennef.de\/wp-content\/uploads\/2025\/01\/IMG_2970-1536x1231.jpg 1536w, https:\/\/www.rss-hennef.de\/wp-content\/uploads\/2025\/01\/IMG_2970.jpg 2031w\" sizes=\"auto, (max-width: 800px) 100vw, 800px\" \/><\/figure>\n\n\n\n<p>Im Anschluss an das bunte Programm konnten alle Anwesenden bei s\u00fc\u00dfen und herzhaften Leckereien die verschiedenen Verkaufsst\u00e4nde in und vor den Klassen sowie auf dem Schulhof bestaunen. Eine Klasse verkaufte selbst bemalte Stofftaschen und selbst gekochte Marmelade, eine andere hatte extra Vogelh\u00e4usschen hergestellt. Es gab Bastel-Stationen f\u00fcr die Kinder sowie nat\u00fcrlich einen Stand des F\u00f6rdervereins, der sich stets \u00fcber neue Mitglieder freut.<\/p>\n\n\n\n<p>Der gesamte Erl\u00f6s kommt dem F\u00f6rderverein zugute. Ein gro\u00dfes Dankesch\u00f6n auch an alle Eltern, die den Weihnachtsmarkt der Schule tatkr\u00e4ftig unterst\u00fctzt haben.<\/p>\n","protected":false},"excerpt":{"rendered":"<p>Am 13. Dezember fand die allj\u00e4hrliche Weihnachtsfeier mit Weihnachtsmarkt der Schule statt. Der Vormittag startete gemeinsam mit allen Kindern, Mitarbeitenden, &hellip; <\/p>\n","protected":false},"author":7,"featured_media":1817,"comment_status":"closed","ping_status":"closed","sticky":false,"template":"","format":"standard","meta":{"footnotes":""},"categories":[1],"tags":[],"class_list":["post-1810","post","type-post","status-publish","format-standard","has-post-thumbnail","hentry","category-aktuelles","latest_post"],"_links":{"self":[{"href":"https:\/\/www.rss-hennef.de\/index.php?rest_route=\/wp\/v2\/posts\/1810","targetHints":{"allow":["GET"]}}],"collection":[{"href":"https:\/\/www.rss-hennef.de\/index.php?rest_route=\/wp\/v2\/posts"}],"about":[{"href":"https:\/\/www.rss-hennef.de\/index.php?rest_route=\/wp\/v2\/types\/post"}],"author":[{"embeddable":true,"href":"https:\/\/www.rss-hennef.de\/index.php?rest_route=\/wp\/v2\/users\/7"}],"replies":[{"embeddable":true,"href":"https:\/\/www.rss-hennef.de\/index.php?rest_route=%2Fwp%2Fv2%2Fcomments&post=1810"}],"version-history":[{"count":1,"href":"https:\/\/www.rss-hennef.de\/index.php?rest_route=\/wp\/v2\/posts\/1810\/revisions"}],"predecessor-version":[{"id":1818,"href":"https:\/\/www.rss-hennef.de\/index.php?rest_route=\/wp\/v2\/posts\/1810\/revisions\/1818"}],"wp:featuredmedia":[{"embeddable":true,"href":"https:\/\/www.rss-hennef.de\/index.php?rest_route=\/wp\/v2\/media\/1817"}],"wp:attachment":[{"href":"https:\/\/www.rss-hennef.de\/index.php?rest_route=%2Fwp%2Fv2%2Fmedia&parent=1810"}],"wp:term":[{"taxonomy":"category","embeddable":true,"href":"https:\/\/www.rss-hennef.de\/index.php?rest_route=%2Fwp%2Fv2%2Fcategories&post=1810"},{"taxonomy":"post_tag","embeddable":true,"href":"https:\/\/www.rss-hennef.de\/index.php?rest_route=%2Fwp%2Fv2%2Ftags&post=1810"}],"curies":[{"name":"wp","href":"https:\/\/api.w.org\/{rel}","templated":true}]}}