{"id":1996,"date":"2025-11-07T11:46:15","date_gmt":"2025-11-07T10:46:15","guid":{"rendered":"https:\/\/www.rss-hennef.de\/?p=1996"},"modified":"2025-11-11T10:23:33","modified_gmt":"2025-11-11T09:23:33","slug":"tag-des-judo","status":"publish","type":"post","link":"https:\/\/www.rss-hennef.de\/?p=1996","title":{"rendered":"Tag des Judo"},"content":{"rendered":"\n<figure class=\"wp-block-image size-large\"><img loading=\"lazy\" decoding=\"async\" width=\"746\" height=\"800\" src=\"https:\/\/www.rss-hennef.de\/wp-content\/uploads\/2025\/11\/IMG_8534-1-746x800.jpg\" alt=\"\" class=\"wp-image-1999\" srcset=\"https:\/\/www.rss-hennef.de\/wp-content\/uploads\/2025\/11\/IMG_8534-1-746x800.jpg 746w, https:\/\/www.rss-hennef.de\/wp-content\/uploads\/2025\/11\/IMG_8534-1-280x300.jpg 280w, https:\/\/www.rss-hennef.de\/wp-content\/uploads\/2025\/11\/IMG_8534-1-768x823.jpg 768w, https:\/\/www.rss-hennef.de\/wp-content\/uploads\/2025\/11\/IMG_8534-1-1433x1536.jpg 1433w, https:\/\/www.rss-hennef.de\/wp-content\/uploads\/2025\/11\/IMG_8534-1-1910x2048.jpg 1910w\" sizes=\"auto, (max-width: 746px) 100vw, 746px\" \/><\/figure>\n\n\n\n<p class=\"has-text-align-left\">Hennef. Heute nahmen 9 Sch\u00fcler aus unserer Schule zusammen mit Frau Klandt, Frau Nichols und Hr. Dazert am Tag des Judo in der Gesamtschule Meiersheide teil. Auf den Matten ging es dann direkt zur Sache: nach einem Aufw\u00e4rmspiel, bei dem man andere Kinder &#8222;auf\u00b4s Kreuz&#8220; legen musste, ging es mit Partner- und Kleingruppen\u00fcbungen weiter. Mitglieder des Judoclubs Hennef leiteten die Sch\u00fcler*innen und Sch\u00fcler fachkundig an und achteten darauf, dass sich niemand verletzte und alle fair k\u00e4mpften. Ein tolles Erlebnis, bei dem wir zusammen mit Sch\u00fclern der Gesamtschule auf den Matten viel Spa\u00df hatten. <\/p>\n\n\n\n<figure class=\"wp-block-image size-large\"><img loading=\"lazy\" decoding=\"async\" width=\"800\" height=\"600\" src=\"https:\/\/www.rss-hennef.de\/wp-content\/uploads\/2025\/11\/IMG_0035-800x600.jpeg\" alt=\"\" class=\"wp-image-2004\" srcset=\"https:\/\/www.rss-hennef.de\/wp-content\/uploads\/2025\/11\/IMG_0035-800x600.jpeg 800w, https:\/\/www.rss-hennef.de\/wp-content\/uploads\/2025\/11\/IMG_0035-300x225.jpeg 300w, https:\/\/www.rss-hennef.de\/wp-content\/uploads\/2025\/11\/IMG_0035-768x576.jpeg 768w, https:\/\/www.rss-hennef.de\/wp-content\/uploads\/2025\/11\/IMG_0035-1536x1152.jpeg 1536w, https:\/\/www.rss-hennef.de\/wp-content\/uploads\/2025\/11\/IMG_0035-2048x1536.jpeg 2048w\" sizes=\"auto, (max-width: 800px) 100vw, 800px\" \/><\/figure>\n","protected":false},"excerpt":{"rendered":"<p>Hennef. Heute nahmen 9 Sch\u00fcler aus unserer Schule zusammen mit Frau Klandt, Frau Nichols und Hr. Dazert am Tag des &hellip; <\/p>\n","protected":false},"author":3,"featured_media":2004,"comment_status":"closed","ping_status":"closed","sticky":false,"template":"","format":"standard","meta":{"footnotes":""},"categories":[1],"tags":[],"class_list":["post-1996","post","type-post","status-publish","format-standard","has-post-thumbnail","hentry","category-aktuelles","latest_post"],"_links":{"self":[{"href":"https:\/\/www.rss-hennef.de\/index.php?rest_route=\/wp\/v2\/posts\/1996","targetHints":{"allow":["GET"]}}],"collection":[{"href":"https:\/\/www.rss-hennef.de\/index.php?rest_route=\/wp\/v2\/posts"}],"about":[{"href":"https:\/\/www.rss-hennef.de\/index.php?rest_route=\/wp\/v2\/types\/post"}],"author":[{"embeddable":true,"href":"https:\/\/www.rss-hennef.de\/index.php?rest_route=\/wp\/v2\/users\/3"}],"replies":[{"embeddable":true,"href":"https:\/\/www.rss-hennef.de\/index.php?rest_route=%2Fwp%2Fv2%2Fcomments&post=1996"}],"version-history":[{"count":3,"href":"https:\/\/www.rss-hennef.de\/index.php?rest_route=\/wp\/v2\/posts\/1996\/revisions"}],"predecessor-version":[{"id":2005,"href":"https:\/\/www.rss-hennef.de\/index.php?rest_route=\/wp\/v2\/posts\/1996\/revisions\/2005"}],"wp:featuredmedia":[{"embeddable":true,"href":"https:\/\/www.rss-hennef.de\/index.php?rest_route=\/wp\/v2\/media\/2004"}],"wp:attachment":[{"href":"https:\/\/www.rss-hennef.de\/index.php?rest_route=%2Fwp%2Fv2%2Fmedia&parent=1996"}],"wp:term":[{"taxonomy":"category","embeddable":true,"href":"https:\/\/www.rss-hennef.de\/index.php?rest_route=%2Fwp%2Fv2%2Fcategories&post=1996"},{"taxonomy":"post_tag","embeddable":true,"href":"https:\/\/www.rss-hennef.de\/index.php?rest_route=%2Fwp%2Fv2%2Ftags&post=1996"}],"curies":[{"name":"wp","href":"https:\/\/api.w.org\/{rel}","templated":true}]}}