{"id":2108,"date":"2026-03-20T10:30:35","date_gmt":"2026-03-20T09:30:35","guid":{"rendered":"https:\/\/www.rss-hennef.de\/?p=2108"},"modified":"2026-03-24T12:43:44","modified_gmt":"2026-03-24T11:43:44","slug":"die-richard-schirrmann-schule-schwingt-den-besen-2","status":"publish","type":"post","link":"https:\/\/www.rss-hennef.de\/?p=2108","title":{"rendered":"Die Richard-Schirrmann-Schule schwingt den Besen"},"content":{"rendered":"\n<p>Br\u00f6l. Die Sonne scheint, die V\u00f6gel zwitschern und die ersten Kirschbl\u00fcten bl\u00fchen in vollster Pracht. Der Fr\u00fchling ist da und damit auch die j\u00e4hrliche S\u00e4uberungsaktion \u201eHennef schwingt den Besen\u201c der Stadt Hennef. Die Pinguinklasse von Frau Schmidt, die Eisb\u00e4rklasse von Frau Pohl sowie die L\u00f6wenklasse von Frau Gierlach haben sich Handschuhe \u00fcbergestreift und unseren Schulhof, den Wald hinter der Schule und die angrenzende Nachbarschaft von M\u00fcll befreit.<\/p>\n\n\n\n<p>Neben ein paar Taschent\u00fcchern, Gummib\u00e4rchenverpackungen und Zigarettenstummeln sammelten die Kinder viele kleine und gro\u00dfe \u201eM\u00fcllsch\u00e4tze\u201c. Die Sch\u00fclerinnen und Sch\u00fcler unterhielten sich immer wieder dar\u00fcber, was in den Wald geh\u00f6re und was nicht. Sie stellten ihren Lehrkr\u00e4ften viele Fragen zum Thema M\u00fcll und den Auswirkungen von diesem auf unsere Tier- und Pflanzenwelt.<\/p>\n\n\n\n<p>Nach dem erfolgreichen \u201eFr\u00fchjahrsputz\u201c konnten wir einen prallgef\u00fcllten M\u00fcllsack an die M\u00fcllabfuhr \u00fcbergeben.<\/p>\n\n\n\n<figure class=\"wp-block-gallery has-nested-images columns-default is-cropped wp-block-gallery-1 is-layout-flex wp-block-gallery-is-layout-flex\">\n<figure class=\"wp-block-image size-large\"><img loading=\"lazy\" decoding=\"async\" width=\"416\" height=\"555\" data-id=\"2113\" src=\"https:\/\/www.rss-hennef.de\/wp-content\/uploads\/2026\/03\/Bild1-1.jpg\" alt=\"\" class=\"wp-image-2113\" srcset=\"https:\/\/www.rss-hennef.de\/wp-content\/uploads\/2026\/03\/Bild1-1.jpg 416w, https:\/\/www.rss-hennef.de\/wp-content\/uploads\/2026\/03\/Bild1-1-225x300.jpg 225w\" sizes=\"auto, (max-width: 416px) 100vw, 416px\" \/><\/figure>\n\n\n\n<figure class=\"wp-block-image size-large\"><img loading=\"lazy\" decoding=\"async\" width=\"411\" height=\"548\" data-id=\"2114\" src=\"https:\/\/www.rss-hennef.de\/wp-content\/uploads\/2026\/03\/Bild2-1.jpg\" alt=\"\" class=\"wp-image-2114\" srcset=\"https:\/\/www.rss-hennef.de\/wp-content\/uploads\/2026\/03\/Bild2-1.jpg 411w, https:\/\/www.rss-hennef.de\/wp-content\/uploads\/2026\/03\/Bild2-1-225x300.jpg 225w\" sizes=\"auto, (max-width: 411px) 100vw, 411px\" \/><\/figure>\n\n\n\n<figure class=\"wp-block-image size-large\"><img loading=\"lazy\" decoding=\"async\" width=\"414\" height=\"551\" data-id=\"2115\" src=\"https:\/\/www.rss-hennef.de\/wp-content\/uploads\/2026\/03\/Bild3-1.jpg\" alt=\"\" class=\"wp-image-2115\" srcset=\"https:\/\/www.rss-hennef.de\/wp-content\/uploads\/2026\/03\/Bild3-1.jpg 414w, https:\/\/www.rss-hennef.de\/wp-content\/uploads\/2026\/03\/Bild3-1-225x300.jpg 225w\" sizes=\"auto, (max-width: 414px) 100vw, 414px\" \/><\/figure>\n<\/figure>\n","protected":false},"excerpt":{"rendered":"<p>Br\u00f6l. Die Sonne scheint, die V\u00f6gel zwitschern und die ersten Kirschbl\u00fcten bl\u00fchen in vollster Pracht. Der Fr\u00fchling ist da und &hellip; <\/p>\n","protected":false},"author":3,"featured_media":2109,"comment_status":"closed","ping_status":"closed","sticky":false,"template":"","format":"standard","meta":{"footnotes":""},"categories":[1],"tags":[],"class_list":["post-2108","post","type-post","status-publish","format-standard","has-post-thumbnail","hentry","category-aktuelles","latest_post"],"_links":{"self":[{"href":"https:\/\/www.rss-hennef.de\/index.php?rest_route=\/wp\/v2\/posts\/2108","targetHints":{"allow":["GET"]}}],"collection":[{"href":"https:\/\/www.rss-hennef.de\/index.php?rest_route=\/wp\/v2\/posts"}],"about":[{"href":"https:\/\/www.rss-hennef.de\/index.php?rest_route=\/wp\/v2\/types\/post"}],"author":[{"embeddable":true,"href":"https:\/\/www.rss-hennef.de\/index.php?rest_route=\/wp\/v2\/users\/3"}],"replies":[{"embeddable":true,"href":"https:\/\/www.rss-hennef.de\/index.php?rest_route=%2Fwp%2Fv2%2Fcomments&post=2108"}],"version-history":[{"count":2,"href":"https:\/\/www.rss-hennef.de\/index.php?rest_route=\/wp\/v2\/posts\/2108\/revisions"}],"predecessor-version":[{"id":2117,"href":"https:\/\/www.rss-hennef.de\/index.php?rest_route=\/wp\/v2\/posts\/2108\/revisions\/2117"}],"wp:featuredmedia":[{"embeddable":true,"href":"https:\/\/www.rss-hennef.de\/index.php?rest_route=\/wp\/v2\/media\/2109"}],"wp:attachment":[{"href":"https:\/\/www.rss-hennef.de\/index.php?rest_route=%2Fwp%2Fv2%2Fmedia&parent=2108"}],"wp:term":[{"taxonomy":"category","embeddable":true,"href":"https:\/\/www.rss-hennef.de\/index.php?rest_route=%2Fwp%2Fv2%2Fcategories&post=2108"},{"taxonomy":"post_tag","embeddable":true,"href":"https:\/\/www.rss-hennef.de\/index.php?rest_route=%2Fwp%2Fv2%2Ftags&post=2108"}],"curies":[{"name":"wp","href":"https:\/\/api.w.org\/{rel}","templated":true}]}}